{"id":9600,"date":"2024-04-15T15:22:48","date_gmt":"2024-04-15T13:22:48","guid":{"rendered":"https:\/\/abs-silos.de\/nouvelle-introduction-du-silo-a-ressort-a-granules-a-loccasion-du-40e-anniversaire-de-lentreprise\/"},"modified":"2024-04-15T15:22:48","modified_gmt":"2024-04-15T13:22:48","slug":"nouvelle-introduction-du-silo-a-ressort-a-granules-a-loccasion-du-40e-anniversaire-de-lentreprise","status":"publish","type":"post","link":"https:\/\/abs-silos.de\/fr\/nouvelle-introduction-du-silo-a-ressort-a-granules-a-loccasion-du-40e-anniversaire-de-lentreprise\/","title":{"rendered":"Nouvelle introduction du silo \u00e0 ressort \u00e0 granul\u00e9s \u00e0 l\u2019occasion du 40e anniversaire de l\u2019entreprise"},"content":{"rendered":"<p><!-- Do not edit --><div class=\"omsc-one-half\">\n<div class=\"big-head\">\n<h3>Neueinf\u00fchrung Pellet-Federsilo zum 40-j\u00e4hrigem Firmenjubil\u00e4um<\/h3>\n<\/div>\n<p>A.B.S. Silo- und F\u00f6rderanlagen GmbH pr\u00e9sente son nouveau silo \u00e0 granul\u00e9s \u00e0 ressort \u00e0 l\u2019IFH \/ Intherm et f\u00eate son 40e anniversaire<\/p>\n<p>Osterburken, le 15 avril 2024. A.B.S. Silo- und F\u00f6rderanlagen GmbH pr\u00e9sente le nouveau silo \u00e0 ressorts \u00e0 granul\u00e9s \u00ab Flexilo FEDER+ \u00bb pour plus de volume de stockage dans les espaces les plus r\u00e9duits au salon IFH\/Intherm. De plus, le fabricant international de silos en tissu flexible pour l\u2019agriculture, l\u2019industrie et le stockage de granul\u00e9s de bois f\u00eatera son 40e anniversaire au salon de Nuremberg du 23 au 26 avril 2024. Depuis 1984, l\u2019entreprise d\u2019Osterburken dans le Bade-Wurtemberg fabrique des silos stables et flexibles en tissu polyester haute r\u00e9sistance, qui permettent un stockage particuli\u00e8rement doux des produits en vrac. Depuis 2001, les silos pour granul\u00e9s de bois font partie de la gamme. Heike Stang, directrice g\u00e9n\u00e9rale, et Matthias Petzl, directeur g\u00e9n\u00e9ral, vous invitent \u00e0 visiter le stand 4.105 dans le hall 4 de l\u2019IFH.<\/p>\n<p><strong>Nouveau produit : Silo \u00e0 ressort \u00ab Flexilo FEDER+ \u00bb pour granul\u00e9s de bois<\/strong><\/p>\n<p>A.B.S. Silo and Conveyor Systems est connu pour sa vaste gamme de silos \u00e0 granul\u00e9s en tissu high-tech de haute qualit\u00e9. Le nouveau silo \u00e0 ressort \u00ab Flexilo FEDER+ \u00bb compl\u00e8te le silo \u00ab Flexilo FEDER \u00bb qu\u2019A.B.S. propose depuis dix ans. Dans le nouveau silo en tissu \u00ab Flexilo FEDER+ \u00bb, les granul\u00e9s de bois sont \u00e9limin\u00e9s de mani\u00e8re s\u00e9lective par une ventouse avec sonde d\u2019aspiration int\u00e9gr\u00e9e. Les sondes d\u2019aspiration sont une technologie fiable et \u00e9prouv\u00e9e et permettent de proposer le nouveau silo \u00e0 granul\u00e9s \u00e0 un co\u00fbt inf\u00e9rieur \u00e0 celui du \u00ab Flexilo FEDER \u00bb, qui dispose d\u2019un syst\u00e8me de convoyeur en spirale pour l\u2019extraction. Le silo \u00ab Flexilo FEDER+ \u00bb peut \u00eatre install\u00e9 rapidement et facilement et garantit un remplissage sans poussi\u00e8re.<\/p>\n<p>Dans les silos \u00e0 ressort, le conteneur de silo en forme de c\u00f4ne s\u2019abaisse pendant le remplissage, de sorte que presque toute la surface au sol peut \u00eatre utilis\u00e9e comme espace de stockage. Cela signifie une augmentation allant jusqu\u2019\u00e0 60 % pour la m\u00eame zone. Lors de la vidange, la partie inf\u00e9rieure se soul\u00e8ve \u00e0 nouveau et forme une pente qui permet aux granul\u00e9s de s\u2019\u00e9couler ind\u00e9pendamment par gravit\u00e9. Les ressorts de tension, d\u2019o\u00f9 le nom de silo \u00e0 ressorts, assurent une vidange fiable et compl\u00e8te. \u00ab Cela signifie qu\u2019il n\u2019y a pas de perte d\u2019espace dans un espace confin\u00e9, ce qui signifie que ce type de silo cr\u00e9e le meilleur rapport possible entre la surface au sol et le volume de stockage \u00bb, explique le directeur g\u00e9n\u00e9ral Stang.<\/p>\n<p>Le syst\u00e8me complet \u00ab Flexilo FEDER + \u00bb, y compris la ligne de remplissage et l\u2019unit\u00e9 d\u2019extraction, qui comprend la ventouse et la sonde d\u2019aspiration, est d\u00e9sormais disponible et sera pr\u00e9sent\u00e9 pour la premi\u00e8re fois au salon IFH\/Intherm.<\/p>\n<p><strong>40 ans A.B.S. Silo- und F\u00f6rderanlagen <\/strong><\/p>\n<p>Lorsque les gens entendent le mot \u00ab silo \u00bb, ils pensent encore \u00e0 d\u2019\u00e9normes tours m\u00e9talliques lourdes et inamovibles. Il peut \u00e9galement \u00eatre plus compact, plus l\u00e9ger et plus flexible : avec les silos flexibles d\u2019A.B.S. Dans les ann\u00e9es 1980, le fondateur de l\u2019entreprise, Adolf Lesk, s\u2019est sp\u00e9cialis\u00e9 dans une nouvelle technologie de silo. L\u2019id\u00e9e : utiliser des textiles plut\u00f4t que du m\u00e9tal. Le tissu est tout aussi stable et r\u00e9sistant, mais beaucoup plus durable et flexible. Un design qui a su s\u2019affirmer.<\/p>\n<p>L\u2019entreprise a connu une croissance rapide. En 2010, A.B.S. Silo and Conveyor Systems a emm\u00e9nag\u00e9 dans un nouveau b\u00e2timent d\u2019entreprise \u00e0 Osterburken avec 1 300 m\u00e8tres carr\u00e9s de bureaux et d\u2019espaces de production. Dans un esprit de durabilit\u00e9, le concept \u00e9nerg\u00e9tique pour l\u2019approvisionnement en chaleur et en \u00e9lectricit\u00e9 se compose depuis 2022 d\u2019une pompe \u00e0 chaleur, d\u2019un syst\u00e8me photovolta\u00efque et d\u2019un chauffage aux granul\u00e9s.<\/p>\n<p>En 2016, A.B.S. a acquis le fabricant espagnol Supersilo et a ainsi pu renforcer sa position europ\u00e9enne en tant que fabricant de silos flexibles. L\u2019exportation est un pilier important de l\u2019entreprise.<\/p>\n<p><strong>L\u2019innovation et la flexibilit\u00e9 comme recette du succ\u00e8s<\/strong><\/p>\n<p>L\u2019utilisation de technologies innovantes fait partie du programme. En 1999, par exemple, il s\u2019agissait d\u2019une technologie de soudage moderne, en 2022 d\u2019une machine de d\u00e9coupe laser. Le mat\u00e9riau polyester utilis\u00e9 est \u00e9galement un tissu high-tech tr\u00e8s innovant. A.B.S. propose des silos standard ainsi que des silos adapt\u00e9s aux besoins individuels &#8211; pour une grande vari\u00e9t\u00e9 de mat\u00e9riaux en vrac et de locaux. Depuis sa cr\u00e9ation il y a 40 ans, A.B.S. a livr\u00e9 environ 100 000 silos souples \u00e0 des clients de l\u2019agriculture, de l\u2019industrie et du stockage de granul\u00e9s.<\/p>\n<p>\u00c0 l\u2019occasion du salon IFH\/Intherm, A.B.S. c\u00e9l\u00e8bre son anniversaire avec, entre autres, une roue de la fortune avec de nombreux prix attrayants.<\/p>\n<p>IFH\/Intherm, le salon professionnel de l\u2019assainissement, de la maison et de la technique du b\u00e2timent, aura lieu du 23 au 26 avril 2024 au parc des expositions de Nuremberg. Pour de plus amples renseignements, veuillez consulter le site Web suivant: <a href=\"https:\/\/abs-silos.de\">https:\/\/abs-silos.de<\/a> und zur Messe unter <a href=\"https:\/\/www.ifh-intherm.de\/\">https:\/\/www.ifh-intherm.de\/<\/a>.<\/p>\n<p><a class=\"download-button\" href=\"https:\/\/abs-silos.de\/abs-content\/2024\/04\/A.B.S.-Federsilo-PLUS-PR-Material.zip\" target=\"_blank\" rel=\"noopener\">PR-Material<\/a><\/p>\n<div class=\"clear\"><\/div><\/div><div class=\"omsc-one-half omsc-last\"><p><img loading=\"lazy\" decoding=\"async\" class=\"alignnone size-medium wp-image-8929\" src=\"https:\/\/abs-silos.de\/abs-content\/2024\/04\/3D-041_Federsilo-Flexilo-FEDER-PLUS-ABS-Logo-900x418.jpg\" alt=\"\" width=\"900\" height=\"418\" srcset=\"https:\/\/abs-silos.de\/abs-content\/2024\/04\/3D-041_Federsilo-Flexilo-FEDER-PLUS-ABS-Logo-900x418.jpg 900w, https:\/\/abs-silos.de\/abs-content\/2024\/04\/3D-041_Federsilo-Flexilo-FEDER-PLUS-ABS-Logo-768x357.jpg 768w, https:\/\/abs-silos.de\/abs-content\/2024\/04\/3D-041_Federsilo-Flexilo-FEDER-PLUS-ABS-Logo-1536x713.jpg 1536w, https:\/\/abs-silos.de\/abs-content\/2024\/04\/3D-041_Federsilo-Flexilo-FEDER-PLUS-ABS-Logo-2048x951.jpg 2048w, https:\/\/abs-silos.de\/abs-content\/2024\/04\/3D-041_Federsilo-Flexilo-FEDER-PLUS-ABS-Logo-1320x613.jpg 1320w\" sizes=\"auto, (max-width: 900px) 100vw, 900px\" \/><img loading=\"lazy\" decoding=\"async\" class=\"alignnone size-medium wp-image-8934\" src=\"https:\/\/abs-silos.de\/abs-content\/2024\/04\/ABS_Geschaeftsleitung-900x676.jpg\" alt=\"\" width=\"900\" height=\"676\" srcset=\"https:\/\/abs-silos.de\/abs-content\/2024\/04\/ABS_Geschaeftsleitung-900x676.jpg 900w, https:\/\/abs-silos.de\/abs-content\/2024\/04\/ABS_Geschaeftsleitung-768x577.jpg 768w, https:\/\/abs-silos.de\/abs-content\/2024\/04\/ABS_Geschaeftsleitung-1536x1153.jpg 1536w, https:\/\/abs-silos.de\/abs-content\/2024\/04\/ABS_Geschaeftsleitung-2048x1538.jpg 2048w, https:\/\/abs-silos.de\/abs-content\/2024\/04\/ABS_Geschaeftsleitung-1320x991.jpg 1320w\" sizes=\"auto, (max-width: 900px) 100vw, 900px\" \/><\/p>\n<div class=\"clear\"><\/div><\/div><div class=\"omsc-clear\"><\/div><\/p>\n","protected":false},"excerpt":{"rendered":"","protected":false},"author":13,"featured_media":8931,"comment_status":"closed","ping_status":"closed","sticky":false,"template":"","format":"standard","meta":{"footnotes":""},"categories":[121],"tags":[60],"aktualitaet":[],"class_list":["post-9600","post","type-post","status-publish","format-standard","has-post-thumbnail","hentry","category-presse","tag-home-tile-fr"],"yoast_head":"<!-- This site is optimized with the Yoast SEO Premium plugin v26.7 (Yoast SEO v26.7) - https:\/\/yoast.com\/wordpress\/plugins\/seo\/ -->\n<title>Nouvelle introduction du silo \u00e0 ressort \u00e0 granul\u00e9s \u00e0 l\u2019occasion du 40e anniversaire de l\u2019entreprise - A.B.S. Silos- und F\u00f6rderanlagen GmbH<\/title>\n<meta name=\"robots\" content=\"index, follow, max-snippet:-1, max-image-preview:large, max-video-preview:-1\" \/>\n<link rel=\"canonical\" href=\"https:\/\/abs-silos.de\/nouvelle-introduction-du-silo-a-ressort-a-granules-a-loccasion-du-40e-anniversaire-de-lentreprise\/\" \/>\n<meta property=\"og:locale\" content=\"de_DE\" \/>\n<meta property=\"og:type\" content=\"article\" \/>\n<meta property=\"og:title\" content=\"Nouvelle introduction du silo \u00e0 ressort \u00e0 granul\u00e9s \u00e0 l\u2019occasion du 40e anniversaire de l\u2019entreprise\" \/>\n<meta property=\"og:url\" content=\"https:\/\/abs-silos.de\/fr\/nouvelle-introduction-du-silo-a-ressort-a-granules-a-loccasion-du-40e-anniversaire-de-lentreprise\/\" \/>\n<meta property=\"og:site_name\" content=\"A.B.S. Silos- und F\u00f6rderanlagen GmbH\" \/>\n<meta property=\"article:publisher\" content=\"https:\/\/www.facebook.com\/abs.silos\/?locale=de_DE\" \/>\n<meta property=\"article:published_time\" content=\"2024-04-15T13:22:48+00:00\" \/>\n<meta property=\"og:image\" content=\"https:\/\/abs-silos.de\/abs-content\/2024\/04\/3D-041_Federsilo-Flexilo-FEDER-PLUS-ABS-Logo-768x357.jpg\" \/>\n\t<meta property=\"og:image:width\" content=\"768\" \/>\n\t<meta property=\"og:image:height\" content=\"357\" \/>\n\t<meta property=\"og:image:type\" content=\"image\/jpeg\" \/>\n<meta name=\"author\" content=\"David Grady\" \/>\n<meta name=\"twitter:card\" content=\"summary_large_image\" \/>\n<meta name=\"twitter:label1\" content=\"Verfasst von\" \/>\n\t<meta name=\"twitter:data1\" content=\"David Grady\" \/>\n<script type=\"application\/ld+json\" class=\"yoast-schema-graph\">{\"@context\":\"https:\/\/schema.org\",\"@graph\":[{\"@type\":\"Article\",\"@id\":\"https:\/\/abs-silos.de\/fr\/nouvelle-introduction-du-silo-a-ressort-a-granules-a-loccasion-du-40e-anniversaire-de-lentreprise\/#article\",\"isPartOf\":{\"@id\":\"https:\/\/abs-silos.de\/fr\/nouvelle-introduction-du-silo-a-ressort-a-granules-a-loccasion-du-40e-anniversaire-de-lentreprise\/\"},\"author\":{\"name\":\"David Grady\",\"@id\":\"https:\/\/abs-silos.de\/#\/schema\/person\/a7c877bcae86eab05ead7ee4326ed10d\"},\"headline\":\"Nouvelle introduction du silo \u00e0 ressort \u00e0 granul\u00e9s \u00e0 l\u2019occasion du 40e anniversaire de l\u2019entreprise\",\"datePublished\":\"2024-04-15T13:22:48+00:00\",\"mainEntityOfPage\":{\"@id\":\"https:\/\/abs-silos.de\/fr\/nouvelle-introduction-du-silo-a-ressort-a-granules-a-loccasion-du-40e-anniversaire-de-lentreprise\/\"},\"wordCount\":34,\"image\":{\"@id\":\"https:\/\/abs-silos.de\/fr\/nouvelle-introduction-du-silo-a-ressort-a-granules-a-loccasion-du-40e-anniversaire-de-lentreprise\/#primaryimage\"},\"thumbnailUrl\":\"https:\/\/abs-silos.de\/abs-content\/2024\/04\/3D-041_Federsilo-Flexilo-FEDER-PLUS-ABS-Logo-scaled.jpg\",\"keywords\":[\"home-tile\"],\"articleSection\":[\"Presser\"],\"inLanguage\":\"de\"},{\"@type\":\"WebPage\",\"@id\":\"https:\/\/abs-silos.de\/fr\/nouvelle-introduction-du-silo-a-ressort-a-granules-a-loccasion-du-40e-anniversaire-de-lentreprise\/\",\"url\":\"https:\/\/abs-silos.de\/fr\/nouvelle-introduction-du-silo-a-ressort-a-granules-a-loccasion-du-40e-anniversaire-de-lentreprise\/\",\"name\":\"Nouvelle introduction du silo \u00e0 ressort \u00e0 granul\u00e9s \u00e0 l\u2019occasion du 40e anniversaire de l\u2019entreprise - A.B.S. Silos- und F\u00f6rderanlagen GmbH\",\"isPartOf\":{\"@id\":\"https:\/\/abs-silos.de\/#website\"},\"primaryImageOfPage\":{\"@id\":\"https:\/\/abs-silos.de\/fr\/nouvelle-introduction-du-silo-a-ressort-a-granules-a-loccasion-du-40e-anniversaire-de-lentreprise\/#primaryimage\"},\"image\":{\"@id\":\"https:\/\/abs-silos.de\/fr\/nouvelle-introduction-du-silo-a-ressort-a-granules-a-loccasion-du-40e-anniversaire-de-lentreprise\/#primaryimage\"},\"thumbnailUrl\":\"https:\/\/abs-silos.de\/abs-content\/2024\/04\/3D-041_Federsilo-Flexilo-FEDER-PLUS-ABS-Logo-scaled.jpg\",\"datePublished\":\"2024-04-15T13:22:48+00:00\",\"author\":{\"@id\":\"https:\/\/abs-silos.de\/#\/schema\/person\/a7c877bcae86eab05ead7ee4326ed10d\"},\"breadcrumb\":{\"@id\":\"https:\/\/abs-silos.de\/fr\/nouvelle-introduction-du-silo-a-ressort-a-granules-a-loccasion-du-40e-anniversaire-de-lentreprise\/#breadcrumb\"},\"inLanguage\":\"de\",\"potentialAction\":[{\"@type\":\"ReadAction\",\"target\":[\"https:\/\/abs-silos.de\/fr\/nouvelle-introduction-du-silo-a-ressort-a-granules-a-loccasion-du-40e-anniversaire-de-lentreprise\/\"]}]},{\"@type\":\"ImageObject\",\"inLanguage\":\"de\",\"@id\":\"https:\/\/abs-silos.de\/fr\/nouvelle-introduction-du-silo-a-ressort-a-granules-a-loccasion-du-40e-anniversaire-de-lentreprise\/#primaryimage\",\"url\":\"https:\/\/abs-silos.de\/abs-content\/2024\/04\/3D-041_Federsilo-Flexilo-FEDER-PLUS-ABS-Logo-scaled.jpg\",\"contentUrl\":\"https:\/\/abs-silos.de\/abs-content\/2024\/04\/3D-041_Federsilo-Flexilo-FEDER-PLUS-ABS-Logo-scaled.jpg\",\"width\":2560,\"height\":1189},{\"@type\":\"BreadcrumbList\",\"@id\":\"https:\/\/abs-silos.de\/fr\/nouvelle-introduction-du-silo-a-ressort-a-granules-a-loccasion-du-40e-anniversaire-de-lentreprise\/#breadcrumb\",\"itemListElement\":[{\"@type\":\"ListItem\",\"position\":1,\"name\":\"Startseite\",\"item\":\"https:\/\/abs-silos.de\/\"},{\"@type\":\"ListItem\",\"position\":2,\"name\":\"Nouvelle introduction du silo \u00e0 ressort \u00e0 granul\u00e9s \u00e0 l\u2019occasion du 40e anniversaire de l\u2019entreprise\"}]},{\"@type\":\"WebSite\",\"@id\":\"https:\/\/abs-silos.de\/#website\",\"url\":\"https:\/\/abs-silos.de\/\",\"name\":\"A.B.S. Silos- und F\u00f6rderanlagen GmbH\",\"description\":\"Wir machen&#039;s passend - garantiert!\",\"alternateName\":\"A.B.S.\",\"potentialAction\":[{\"@type\":\"SearchAction\",\"target\":{\"@type\":\"EntryPoint\",\"urlTemplate\":\"https:\/\/abs-silos.de\/?s={search_term_string}\"},\"query-input\":{\"@type\":\"PropertyValueSpecification\",\"valueRequired\":true,\"valueName\":\"search_term_string\"}}],\"inLanguage\":\"de\"},{\"@type\":\"Person\",\"@id\":\"https:\/\/abs-silos.de\/#\/schema\/person\/a7c877bcae86eab05ead7ee4326ed10d\",\"name\":\"David Grady\",\"image\":{\"@type\":\"ImageObject\",\"inLanguage\":\"de\",\"@id\":\"https:\/\/abs-silos.de\/#\/schema\/person\/image\/\",\"url\":\"https:\/\/secure.gravatar.com\/avatar\/8dfb5583c8b87840a527aae1f49820fc7ea26272a60b98a35842ba9edc3bf676?s=96&d=mm&r=g\",\"contentUrl\":\"https:\/\/secure.gravatar.com\/avatar\/8dfb5583c8b87840a527aae1f49820fc7ea26272a60b98a35842ba9edc3bf676?s=96&d=mm&r=g\",\"caption\":\"David Grady\"},\"sameAs\":[\"https:\/\/abs-silos.de\"]}]}<\/script>\n<!-- \/ Yoast SEO Premium plugin. -->","yoast_head_json":{"title":"Nouvelle introduction du silo \u00e0 ressort \u00e0 granul\u00e9s \u00e0 l\u2019occasion du 40e anniversaire de l\u2019entreprise - A.B.S. Silos- und F\u00f6rderanlagen GmbH","robots":{"index":"index","follow":"follow","max-snippet":"max-snippet:-1","max-image-preview":"max-image-preview:large","max-video-preview":"max-video-preview:-1"},"canonical":"https:\/\/abs-silos.de\/nouvelle-introduction-du-silo-a-ressort-a-granules-a-loccasion-du-40e-anniversaire-de-lentreprise\/","og_locale":"de_DE","og_type":"article","og_title":"Nouvelle introduction du silo \u00e0 ressort \u00e0 granul\u00e9s \u00e0 l\u2019occasion du 40e anniversaire de l\u2019entreprise","og_url":"https:\/\/abs-silos.de\/fr\/nouvelle-introduction-du-silo-a-ressort-a-granules-a-loccasion-du-40e-anniversaire-de-lentreprise\/","og_site_name":"A.B.S. Silos- und F\u00f6rderanlagen GmbH","article_publisher":"https:\/\/www.facebook.com\/abs.silos\/?locale=de_DE","article_published_time":"2024-04-15T13:22:48+00:00","og_image":[{"width":768,"height":357,"url":"https:\/\/abs-silos.de\/abs-content\/2024\/04\/3D-041_Federsilo-Flexilo-FEDER-PLUS-ABS-Logo-768x357.jpg","type":"image\/jpeg"}],"author":"David Grady","twitter_card":"summary_large_image","twitter_misc":{"Verfasst von":"David Grady"},"schema":{"@context":"https:\/\/schema.org","@graph":[{"@type":"Article","@id":"https:\/\/abs-silos.de\/fr\/nouvelle-introduction-du-silo-a-ressort-a-granules-a-loccasion-du-40e-anniversaire-de-lentreprise\/#article","isPartOf":{"@id":"https:\/\/abs-silos.de\/fr\/nouvelle-introduction-du-silo-a-ressort-a-granules-a-loccasion-du-40e-anniversaire-de-lentreprise\/"},"author":{"name":"David Grady","@id":"https:\/\/abs-silos.de\/#\/schema\/person\/a7c877bcae86eab05ead7ee4326ed10d"},"headline":"Nouvelle introduction du silo \u00e0 ressort \u00e0 granul\u00e9s \u00e0 l\u2019occasion du 40e anniversaire de l\u2019entreprise","datePublished":"2024-04-15T13:22:48+00:00","mainEntityOfPage":{"@id":"https:\/\/abs-silos.de\/fr\/nouvelle-introduction-du-silo-a-ressort-a-granules-a-loccasion-du-40e-anniversaire-de-lentreprise\/"},"wordCount":34,"image":{"@id":"https:\/\/abs-silos.de\/fr\/nouvelle-introduction-du-silo-a-ressort-a-granules-a-loccasion-du-40e-anniversaire-de-lentreprise\/#primaryimage"},"thumbnailUrl":"https:\/\/abs-silos.de\/abs-content\/2024\/04\/3D-041_Federsilo-Flexilo-FEDER-PLUS-ABS-Logo-scaled.jpg","keywords":["home-tile"],"articleSection":["Presser"],"inLanguage":"de"},{"@type":"WebPage","@id":"https:\/\/abs-silos.de\/fr\/nouvelle-introduction-du-silo-a-ressort-a-granules-a-loccasion-du-40e-anniversaire-de-lentreprise\/","url":"https:\/\/abs-silos.de\/fr\/nouvelle-introduction-du-silo-a-ressort-a-granules-a-loccasion-du-40e-anniversaire-de-lentreprise\/","name":"Nouvelle introduction du silo \u00e0 ressort \u00e0 granul\u00e9s \u00e0 l\u2019occasion du 40e anniversaire de l\u2019entreprise - A.B.S. Silos- und F\u00f6rderanlagen GmbH","isPartOf":{"@id":"https:\/\/abs-silos.de\/#website"},"primaryImageOfPage":{"@id":"https:\/\/abs-silos.de\/fr\/nouvelle-introduction-du-silo-a-ressort-a-granules-a-loccasion-du-40e-anniversaire-de-lentreprise\/#primaryimage"},"image":{"@id":"https:\/\/abs-silos.de\/fr\/nouvelle-introduction-du-silo-a-ressort-a-granules-a-loccasion-du-40e-anniversaire-de-lentreprise\/#primaryimage"},"thumbnailUrl":"https:\/\/abs-silos.de\/abs-content\/2024\/04\/3D-041_Federsilo-Flexilo-FEDER-PLUS-ABS-Logo-scaled.jpg","datePublished":"2024-04-15T13:22:48+00:00","author":{"@id":"https:\/\/abs-silos.de\/#\/schema\/person\/a7c877bcae86eab05ead7ee4326ed10d"},"breadcrumb":{"@id":"https:\/\/abs-silos.de\/fr\/nouvelle-introduction-du-silo-a-ressort-a-granules-a-loccasion-du-40e-anniversaire-de-lentreprise\/#breadcrumb"},"inLanguage":"de","potentialAction":[{"@type":"ReadAction","target":["https:\/\/abs-silos.de\/fr\/nouvelle-introduction-du-silo-a-ressort-a-granules-a-loccasion-du-40e-anniversaire-de-lentreprise\/"]}]},{"@type":"ImageObject","inLanguage":"de","@id":"https:\/\/abs-silos.de\/fr\/nouvelle-introduction-du-silo-a-ressort-a-granules-a-loccasion-du-40e-anniversaire-de-lentreprise\/#primaryimage","url":"https:\/\/abs-silos.de\/abs-content\/2024\/04\/3D-041_Federsilo-Flexilo-FEDER-PLUS-ABS-Logo-scaled.jpg","contentUrl":"https:\/\/abs-silos.de\/abs-content\/2024\/04\/3D-041_Federsilo-Flexilo-FEDER-PLUS-ABS-Logo-scaled.jpg","width":2560,"height":1189},{"@type":"BreadcrumbList","@id":"https:\/\/abs-silos.de\/fr\/nouvelle-introduction-du-silo-a-ressort-a-granules-a-loccasion-du-40e-anniversaire-de-lentreprise\/#breadcrumb","itemListElement":[{"@type":"ListItem","position":1,"name":"Startseite","item":"https:\/\/abs-silos.de\/"},{"@type":"ListItem","position":2,"name":"Nouvelle introduction du silo \u00e0 ressort \u00e0 granul\u00e9s \u00e0 l\u2019occasion du 40e anniversaire de l\u2019entreprise"}]},{"@type":"WebSite","@id":"https:\/\/abs-silos.de\/#website","url":"https:\/\/abs-silos.de\/","name":"A.B.S. Silos- und F\u00f6rderanlagen GmbH","description":"Wir machen&#039;s passend - garantiert!","alternateName":"A.B.S.","potentialAction":[{"@type":"SearchAction","target":{"@type":"EntryPoint","urlTemplate":"https:\/\/abs-silos.de\/?s={search_term_string}"},"query-input":{"@type":"PropertyValueSpecification","valueRequired":true,"valueName":"search_term_string"}}],"inLanguage":"de"},{"@type":"Person","@id":"https:\/\/abs-silos.de\/#\/schema\/person\/a7c877bcae86eab05ead7ee4326ed10d","name":"David Grady","image":{"@type":"ImageObject","inLanguage":"de","@id":"https:\/\/abs-silos.de\/#\/schema\/person\/image\/","url":"https:\/\/secure.gravatar.com\/avatar\/8dfb5583c8b87840a527aae1f49820fc7ea26272a60b98a35842ba9edc3bf676?s=96&d=mm&r=g","contentUrl":"https:\/\/secure.gravatar.com\/avatar\/8dfb5583c8b87840a527aae1f49820fc7ea26272a60b98a35842ba9edc3bf676?s=96&d=mm&r=g","caption":"David Grady"},"sameAs":["https:\/\/abs-silos.de"]}]}},"_links":{"self":[{"href":"https:\/\/abs-silos.de\/abs-json\/wp\/v2\/posts\/9600","targetHints":{"allow":["GET"]}}],"collection":[{"href":"https:\/\/abs-silos.de\/abs-json\/wp\/v2\/posts"}],"about":[{"href":"https:\/\/abs-silos.de\/abs-json\/wp\/v2\/types\/post"}],"author":[{"embeddable":true,"href":"https:\/\/abs-silos.de\/abs-json\/wp\/v2\/users\/13"}],"replies":[{"embeddable":true,"href":"https:\/\/abs-silos.de\/abs-json\/wp\/v2\/comments?post=9600"}],"version-history":[{"count":0,"href":"https:\/\/abs-silos.de\/abs-json\/wp\/v2\/posts\/9600\/revisions"}],"wp:featuredmedia":[{"embeddable":true,"href":"https:\/\/abs-silos.de\/abs-json\/wp\/v2\/media\/8931"}],"wp:attachment":[{"href":"https:\/\/abs-silos.de\/abs-json\/wp\/v2\/media?parent=9600"}],"wp:term":[{"taxonomy":"category","embeddable":true,"href":"https:\/\/abs-silos.de\/abs-json\/wp\/v2\/categories?post=9600"},{"taxonomy":"post_tag","embeddable":true,"href":"https:\/\/abs-silos.de\/abs-json\/wp\/v2\/tags?post=9600"},{"taxonomy":"aktualitaet","embeddable":true,"href":"https:\/\/abs-silos.de\/abs-json\/wp\/v2\/aktualitaet?post=9600"}],"curies":[{"name":"wp","href":"https:\/\/api.w.org\/{rel}","templated":true}]}}